{"id":638,"date":"2025-07-11T13:06:00","date_gmt":"2025-07-11T11:06:00","guid":{"rendered":"https:\/\/www.luminosus.sk\/?p=638"},"modified":"2025-11-11T09:08:24","modified_gmt":"2025-11-11T08:08:24","slug":"nie-su-deti-su-ludia-nase-zazitky-z-medzinarodnej-vymeny-v-polsku","status":"publish","type":"post","link":"https:\/\/www.luminosus.sk\/hu\/nie-su-deti-su-ludia-nase-zazitky-z-medzinarodnej-vymeny-v-polsku\/","title":{"rendered":"\u201eNincsenek gyerekek, csak emberek\u201c - tapasztalataink a lengyelorsz\u00e1gi nemzetk\u00f6zi csereprogramr\u00f3l"},"content":{"rendered":"<p class=\"translation-block\">J\u00falius 10. \u00e9s 17. k\u00f6z\u00f6tt r\u00e9szt vett\u00fcnk az Erasmus+ nemzetk\u00f6zi ifj\u00fas\u00e1gi cser\u00e9j\u00e9n Olkuszban a \u201eTogether we can change the world\u201d projekt keret\u00e9ben. A program sor\u00e1n Lettorsz\u00e1gb\u00f3l, Spanyolorsz\u00e1gb\u00f3l \u00e9s Szlov\u00e1ki\u00e1b\u00f3l (Luminosus, n.o.) \u00e9rkez\u0151 fiatalokkal egy\u00fctt egyed\u00fcl\u00e1ll\u00f3 lehet\u0151s\u00e9g\u00fcnk ny\u00edlt arra, hogy megvitassuk a t\u00e1rsadalmi r\u00e9szv\u00e9tel lehet\u0151s\u00e9geit, tapasztalatokat osszunk meg, \u00e9s \u00faj bar\u00e1ts\u00e1gokat alak\u00edtsunk ki.<\/p>\n\n\n\n<p class=\"translation-block\">A h\u00e9t sor\u00e1n bej\u00e1rtuk Olkusz v\u00e1ros\u00e1t, megismert\u00fck t\u00f6rt\u00e9nelm\u00e9t, kult\u00far\u00e1j\u00e1t \u00e9s \u00f6r\u00f6ks\u00e9g\u00e9t, r\u00e9szt vett\u00fcnk workshopokon, v\u00e1rosi aktivit\u00e1sokon \u00e9s csapatfeladatokon, amelyek seg\u00edtettek \u00e1tt\u00f6rni az els\u0151 g\u00e1takat \u00e9s jobban megismerni egym\u00e1st. A program egyik f\u00e9nypontja a Bukown\u00f3ban tal\u00e1lhat\u00f3 fogyat\u00e9kkal \u00e9l\u0151 gyermekeket t\u00e1mogat\u00f3 k\u00f6zpont megl\u00e1togat\u00e1sa volt, ahol j\u00e1t\u00e9kokban, workshopokon \u00e9s k\u00f6z\u00f6s tev\u00e9kenys\u00e9gekben vett\u00fcnk r\u00e9szt \u2013 ez egy er\u0151s \u00e9s meghat\u00f3 \u00e9lm\u00e9ny volt, amely megmutatta, hogy az integr\u00e1ci\u00f3 lehet term\u00e9szetes \u00e9s mindenki sz\u00e1m\u00e1ra gazdag\u00edt\u00f3.<\/p>\n\n\n\n<p class=\"translation-block\">A projekt lehet\u0151s\u00e9get adott arra is, hogy bemutassuk saj\u00e1t t\u00e1rsadalmi projektjeinket \u00e9s \u00f6tleteinket a helyi k\u00f6z\u00f6ss\u00e9gek fejleszt\u00e9s\u00e9re, a ifj\u00fas\u00e1gi k\u00f6zpontokt\u00f3l kezdve a k\u00f6z\u00f6ss\u00e9gi padokon \u00e9s graffiti falakon \u00e1t. Ezenk\u00edv\u00fcl r\u00e9szt vett\u00fcnk kultur\u00e1lis esteken, megismert\u00fck a hagyom\u00e1nyos \u00e9teleket, zen\u00e9t \u00e9s t\u00e1ncokat, amelyeket k\u00fclf\u00f6ldi partnereink hoztak.<\/p>\n\n\n\n<p class=\"translation-block\">Ez a h\u00e9t nemcsak intenz\u00edv oktat\u00e1si \u00e9s k\u00f6z\u00f6ss\u00e9gi \u00e9lm\u00e9nyt jelentett, hanem lehet\u0151s\u00e9get adott arra is, hogy jobban megismerj\u00fck egym\u00e1st, \u00faj bar\u00e1ts\u00e1gokat k\u00f6ss\u00fcnk, \u00e9s meger\u0151s\u00edts\u00fck motiv\u00e1ci\u00f3nkat az akt\u00edv \u00e1llampolg\u00e1ri szerepv\u00e1llal\u00e1sra. A projektnek k\u00f6sz\u00f6nhet\u0151en felejthetetlen tapasztalatokkal gazdagodtunk, amelyek tov\u00e1bbi kezdem\u00e9nyez\u00e9sekre inspir\u00e1lnak minket.<\/p>\n\n\n\nngg_shortcode_0_placeholder","protected":false},"excerpt":{"rendered":"<p>V d\u0148och 10. \u2013 17. j\u00fala sme sa z\u00fa\u010dastnili medzin\u00e1rodnej ml\u00e1de\u017en\u00edckej v\u00fdmeny Erasmus+ v Olkuszi v r\u00e1mci projektu \u201eTogether we can change the world\u201c. Spolu s mlad\u00fdmi \u013eu\u010fmi z Loty\u0161ska, \u0160panielska a Slovenska (Luminosus, n.o.) sme mali jedine\u010dn\u00fa pr\u00edle\u017eitos\u0165 diskutova\u0165 o akt\u00edvnej \u00fa\u010dasti v spolo\u010dnosti, zdie\u013ea\u0165 sk\u00fasenosti a vytv\u00e1ra\u0165 nov\u00e9 priate\u013estv\u00e1. Po\u010das t\u00fd\u017ed\u0148a sme nav\u0161t\u00edvili [&hellip;]<\/p>","protected":false},"author":1,"featured_media":639,"comment_status":"open","ping_status":"open","sticky":false,"template":"","format":"standard","meta":{"ngg_post_thumbnail":0,"footnotes":""},"categories":[1],"tags":[],"class_list":["post-638","post","type-post","status-publish","format-standard","has-post-thumbnail","hentry","category-spravy"],"aioseo_notices":[],"_links":{"self":[{"href":"https:\/\/www.luminosus.sk\/hu\/wp-json\/wp\/v2\/posts\/638","targetHints":{"allow":["GET"]}}],"collection":[{"href":"https:\/\/www.luminosus.sk\/hu\/wp-json\/wp\/v2\/posts"}],"about":[{"href":"https:\/\/www.luminosus.sk\/hu\/wp-json\/wp\/v2\/types\/post"}],"author":[{"embeddable":true,"href":"https:\/\/www.luminosus.sk\/hu\/wp-json\/wp\/v2\/users\/1"}],"replies":[{"embeddable":true,"href":"https:\/\/www.luminosus.sk\/hu\/wp-json\/wp\/v2\/comments?post=638"}],"version-history":[{"count":2,"href":"https:\/\/www.luminosus.sk\/hu\/wp-json\/wp\/v2\/posts\/638\/revisions"}],"predecessor-version":[{"id":737,"href":"https:\/\/www.luminosus.sk\/hu\/wp-json\/wp\/v2\/posts\/638\/revisions\/737"}],"wp:featuredmedia":[{"embeddable":true,"href":"https:\/\/www.luminosus.sk\/hu\/wp-json\/wp\/v2\/media\/639"}],"wp:attachment":[{"href":"https:\/\/www.luminosus.sk\/hu\/wp-json\/wp\/v2\/media?parent=638"}],"wp:term":[{"taxonomy":"category","embeddable":true,"href":"https:\/\/www.luminosus.sk\/hu\/wp-json\/wp\/v2\/categories?post=638"},{"taxonomy":"post_tag","embeddable":true,"href":"https:\/\/www.luminosus.sk\/hu\/wp-json\/wp\/v2\/tags?post=638"}],"curies":[{"name":"wp","href":"https:\/\/api.w.org\/{rel}","templated":true}]}}